{"id":10015,"__str__":"Memorando - MEMO 187/2019 DO PRES 2a COM P RELAT 2a COM de 17/04/2019 por Vereador Delegado Jardel Guimar\u00e3es -Pres da 2\u00aa Com","link_detail_backend":"/materia/documentoacessorio/10015","metadata":{},"nome":"MEMO 187/2019 DO PRES 2a COM P RELAT 2a COM","data":"2019-04-17","autor":"Vereador Delegado Jardel Guimar\u00e3es -Pres da 2\u00aa Com","ementa":"O VEREADOR/PRESIDENTE DA 2\u00aa COMISS\u00c3O DELEGADO JARDEL GUIMAR\u00c3ES ENCAMINHOU O PROJETO DE LEI REFERENTE AO PROCESSO DE N\u00ba 902/2017 AO RELATOR DA 2\u00aa COMISS\u00c3O O VEREADOR ALA\u00c9RCIO CARDOSO PARA ANALISE E EMISS\u00c3O DE PARECER PELA 2\u00aa COMISS\u00c3O.","indexacao":"","arquivo":"http://sapl.santarem.pa.leg.br/media/sapl/public/documentoacessorio/2017/10015/5_proj_lei__902_2017_memo_187_pres_2a_com_p_relator_2a_com_17_0.pdf","data_ultima_atualizacao":"2019-07-09T09:41:26.263756-03:00","materia":4749,"tipo":20}