{"id":11632,"__str__":"Memorando - MEMO N\u00b0 645/2019 DA PRES 2a COM P MESA de 23/10/2019 por EMIR AGUIAR","link_detail_backend":"/materia/documentoacessorio/11632","metadata":{},"nome":"MEMO N\u00b0 645/2019 DA PRES 2a COM P MESA","data":"2019-10-23","autor":"EMIR AGUIAR","ementa":"O VEREADOR DELEGADO JARDEL GUIMAR\u00c3ES, PRESIDENTE DA 2\u00aa COMISS\u00c3O ENCAMINHOU O PROJETO DE LEI REFERENTE AO PROCESSO N\u00ba 939/2019 AO PRESIDENTE DA C\u00c2MARA DE SANTAR\u00c9M EMIR AGUIAR PARA INCLUS\u00c3O NA PAUTA DE VOTA\u00c7\u00d5ES.","indexacao":"","arquivo":"http://sapl.santarem.pa.leg.br/media/sapl/public/documentoacessorio/2019/11632/8_proj_lei_939_2019_pres_2a_com_p_mesa_23_10_19.pdf","data_ultima_atualizacao":"2019-10-25T10:28:42.190303-03:00","materia":8980,"tipo":20}