{"id":13593,"__str__":"Memorando - MEMO N\u00b0 880/2020 2a COM P MESA INCLUS\u00c3O DE PAUTA de 10/02/2020 por VEREADOR DEL. JARDEL GUIMAR\u00c3ES","link_detail_backend":"/materia/documentoacessorio/13593","metadata":{},"nome":"MEMO N\u00b0 880/2020 2a COM P MESA INCLUS\u00c3O DE PAUTA","data":"2020-02-10","autor":"VEREADOR DEL. JARDEL GUIMAR\u00c3ES","ementa":"O PRESIDENTE DA 2\u00aa COMISS\u00c3O VEREADOR DELEGADO JARDEL GUIMAR\u00c3ES ENCAMINHOU O PROJETO DE LEI REFERENTE AO PROCESSO N\u00ba 028/2019 \u00c0 MESA DIRETORA PARA INCLUS\u00c3O NA PAUTA DE VOTA\u00c7\u00d5ES.","indexacao":"","arquivo":"http://sapl.santarem.pa.leg.br/media/sapl/public/documentoacessorio/2019/13593/8_proj_lei_028_2019_memo_880_pres_2a_com_p_mesa_inclusao_de_pauta_10_02_2020.pdf","data_ultima_atualizacao":"2020-02-28T09:10:23.524360-03:00","materia":8062,"tipo":20}