{"id":13656,"__str__":"Memorando - MEMO. N\u00ba 057/19 DO PRES DA 2\u00aa COM P JUR\u00cdDICO CMS de 18/12/2020 por VEREADOR DELEGADO JARDEL - PRES 2\u00aa COM","link_detail_backend":"/materia/documentoacessorio/13656","metadata":{},"nome":"MEMO. N\u00ba 057/19 DO PRES DA 2\u00aa COM P JUR\u00cdDICO CMS","data":"2020-12-18","autor":"VEREADOR DELEGADO JARDEL - PRES 2\u00aa COM","ementa":"O VEREADOR DELEGADO JARDEL GUIMAR\u00c3ES, PRESIDENTE DA 2 \u00aa COMISS\u00c3O, ENCAMINHOU O PROJETO DE LEI REFERENTE AO PROCESSO N\u00ba 040/2020 \u00c0 COORDENADORIA JUR\u00cdDICA LEGISLATIVA, PARA A EMISS\u00c3O DO DEVIDO PARECER JUR\u00cdDICO.","indexacao":"","arquivo":"http://sapl.santarem.pa.leg.br/media/sapl/public/documentoacessorio/2020/13656/7_proj_lei_040_2020_memo_57_2a_com_p_jur_cms_18_02_2020.pdf","data_ultima_atualizacao":"2020-03-02T13:19:36.484615-03:00","materia":11846,"tipo":20}