{"id":13657,"__str__":"Memorando - MEMO. N\u00ba 243/19 DO JUR\u00cdDICO P PRES DA 2 a COM de 19/02/2020 por COORDENADORIA GERAL JUR\u00cdDICA DO LEGISLATIVO-CJL","link_detail_backend":"/materia/documentoacessorio/13657","metadata":{},"nome":"MEMO. N\u00ba 243/19 DO JUR\u00cdDICO P PRES DA 2 a COM","data":"2020-02-19","autor":"COORDENADORIA GERAL JUR\u00cdDICA DO LEGISLATIVO-CJL","ementa":"A COORDENADORIA JUR\u00cdDICA LEGISLATIVA, DEVOLVEU O PROJETO DE LEI REFERENTE AO PROCESSO N\u00ba 040/2020 AO PRESIDENTE DA 2\u00aa COMISS\u00c3O VEREADOR DELEGADO JARDEL COM O DEVIDO PARECER JUR\u00cdDICO N\u00ba 011/2020-CJL/CMS.","indexacao":"","arquivo":"http://sapl.santarem.pa.leg.br/media/sapl/public/documentoacessorio/2020/13657/8_proj_lei_040_2020_memo_012_jur_parecer_p_2a_com__cms_19_02_2020.pdf","data_ultima_atualizacao":"2020-03-02T13:21:25.687155-03:00","materia":11846,"tipo":20}