{"id":14306,"__str__":"Parecer - PARECER DA COORDENADORIA JUR\u00cdDICA de 18/02/2020 por COORDENADOR GERAL JUR\u00cdDICO","link_detail_backend":"/materia/documentoacessorio/14306","metadata":{},"nome":"PARECER DA COORDENADORIA JUR\u00cdDICA","data":"2020-02-18","autor":"COORDENADOR GERAL JUR\u00cdDICO","ementa":"PARECER DA COORDENADORIA JUR\u00cdDICA DO PROJETO DE LEI REFERENTE AO PROCESSO N\u00ba 034/2017.","indexacao":"","arquivo":"http://sapl.santarem.pa.leg.br/media/sapl/public/documentoacessorio/2017/14306/13_proj_lei_034_2017_parecer_cjl..pdf","data_ultima_atualizacao":"2020-03-18T11:08:55.763622-03:00","materia":3902,"tipo":1}