{"id":9923,"__str__":"Parecer - PARECER DA 3\u00aa COM AO PROCESSO 472/2018 de 05/08/2018 por VER. MARIA JOS\u00c9 MAIA- PRES/REL. DA 3\u00aa COMISS\u00c3O","link_detail_backend":"/materia/documentoacessorio/9923","metadata":{},"nome":"PARECER DA 3\u00aa COM AO PROCESSO 472/2018","data":"2018-08-05","autor":"VER. MARIA JOS\u00c9 MAIA- PRES/REL. DA 3\u00aa COMISS\u00c3O","ementa":"A PRESIDENTE/RELATORA DA 3\u00aa COMISS\u00c3O A VEREADORA MARIA JOS\u00c9 MAIA DEVOLVEU O PROJETO DE LEI REFERENTE AO PROCESSO DE N\u00ba 472/2018 AO PRESIDENTE DA 2\u00aa COMISS\u00c3O O VEREADOR RONAN LIBERAL JUNIOR COM O DEVIDO PARECER EMITIDO PELA 3\u00aa COMISS\u00c3O. \r\n\r\n\r\n\r\n*OBS: ESTA DATA DE TRAMITA\u00c7\u00c3O N\u00c3O \u00c9 OFICIAL. FOI CRIADA POR EXIG\u00caNCIA DO SISTEMA SAPL/INTERLEGIS, CAUSADA PELA AUS\u00caNCIA DE DOCUMENTO DE TRAMITA\u00c7\u00c3O OFICIAL PARA QUE SEJA POSS\u00cdVEL DAR ANDAMENTO NAS TRAMITA\u00c7\u00d5ES SEGUINTES E NECESS\u00c1RIA DENTRO DO SISTEMA.","indexacao":"","arquivo":"http://sapl.santarem.pa.leg.br/media/sapl/public/documentoacessorio/2018/9923/3_proj_lei_471_2018_parecer_3a_com_05_08_2018.pdf","data_ultima_atualizacao":"2019-06-26T12:37:05.211166-03:00","materia":6594,"tipo":1}