{"id":10136,"__str__":"Projeto de Lei Ordin\u00e1ria n\u00ba 1440 de 2013","link_detail_backend":"/materia/10136","metadata":{},"numero":1440,"ano":2013,"numero_protocolo":null,"data_apresentacao":"2013-08-12","tipo_apresentacao":"E","data_publicacao":null,"numero_origem_externa":"","ano_origem_externa":null,"data_origem_externa":null,"apelido":"","dias_prazo":null,"data_fim_prazo":null,"em_tramitacao":false,"polemica":null,"objeto":"","complementar":null,"ementa":"DISP\u00d5E SOBRE A OBRIGATORIEDADE DE APRESENTA\u00c7\u00c3O DA CADERNETA DE VACINA\u00c7\u00c3O INFANTIL NO ATO DA MATR\u00cdCULA EM CRECHES E ESCOLAS DAS REDES DE ENSINO E PRIVADO DO MUNIC\u00cdPIO DE SANTAR\u00c9M E D\u00c1 OUTRAS PROVID\u00caNCIAS.","indexacao":"DISP\u00d5E SOBRE A OBRIGATORIEDADE DE APRESENTA\u00c7\u00c3O DA CADERNETA DE VACINA\u00c7\u00c3O INFANTIL NO ATO DA MATR\u00cdCULA EM CRECHES E ESCOLAS DAS REDES DE ENSINO E PRIVADO DO MUNIC\u00cdPIO DE SANTAR\u00c9M E D\u00c1 OUTRAS PROVID\u00caNCIAS.","observacao":"","resultado":"","texto_original":"http://sapl.santarem.pa.leg.br/media/sapl/public/materialegislativa/2013/10136/1_proj_de_lei_1440_2013_j_tapajos_apresentacao_uoVKSE0.pdf","data_ultima_atualizacao":"2021-07-09T11:56:21.655140-03:00","ip":"177.130.60.126","ultima_edicao":"2021-07-09T11:56:21.503545-03:00","tipo":1,"regime_tramitacao":1,"tipo_origem_externa":null,"local_origem_externa":null,"user":91,"anexadas":[],"autores":[10]}