{"id":10177,"__str__":"Projeto de Lei Ordin\u00e1ria n\u00ba 6 de 2019","link_detail_backend":"/materia/10177","metadata":{},"numero":6,"ano":2019,"numero_protocolo":null,"data_apresentacao":"2019-08-05","tipo_apresentacao":"E","data_publicacao":null,"numero_origem_externa":"","ano_origem_externa":null,"data_origem_externa":null,"apelido":"","dias_prazo":null,"data_fim_prazo":null,"em_tramitacao":false,"polemica":null,"objeto":"","complementar":null,"ementa":"VEDA O USO DE APARELHOS ELETR\u00d4NICOS SEM FINS EDUCACIONAIS EM UMA SALA DE AULA DOS ESTABELECIMENTOS DE EDUCA\u00c7\u00c3O B\u00c1SICA DO MUNIC\u00cdPIO DE SANTAR\u00c9M DO PAR\u00c1.","indexacao":"VEDA O USO DE APARELHOS ELETR\u00d4NICOS SEM FINS EDUCACIONAIS EM UMA SALA DE AULA DOS ESTABELECIMENTOS DE EDUCA\u00c7\u00c3O B\u00c1SICA DO MUNIC\u00cdPIO DE SANTAR\u00c9M DO PAR\u00c1.","observacao":"","resultado":"","texto_original":"http://sapl.santarem.pa.leg.br/media/sapl/public/materialegislativa/2019/10177/proj_lei_1677_2019_dayan_aparelhos_eletronicos.pdf","data_ultima_atualizacao":"2023-01-20T12:43:03.821924-03:00","ip":"177.130.60.126","ultima_edicao":"2021-07-09T11:51:00.176419-03:00","tipo":1,"regime_tramitacao":1,"tipo_origem_externa":null,"local_origem_externa":null,"user":91,"anexadas":[],"autores":[2]}