{"id":10247,"__str__":"Projeto de Lei Ordin\u00e1ria n\u00ba 17 de 2019","link_detail_backend":"/materia/10247","metadata":{},"numero":17,"ano":2019,"numero_protocolo":null,"data_apresentacao":"2019-08-12","tipo_apresentacao":"E","data_publicacao":null,"numero_origem_externa":"","ano_origem_externa":null,"data_origem_externa":null,"apelido":"","dias_prazo":null,"data_fim_prazo":null,"em_tramitacao":false,"polemica":null,"objeto":"","complementar":null,"ementa":"INSTITUI O DIA MUNICIPAL DA COLETA SELETIVA NO MUNIC\u00cdPIO DE SANTAR\u00c9M.","indexacao":"INSTITUI O DIA MUNICIPAL DA COLETA SELETIVA NO MUNIC\u00cdPIO DE SANTAR\u00c9M.","observacao":"","resultado":"","texto_original":"http://sapl.santarem.pa.leg.br/media/sapl/public/materialegislativa/2019/10247/proj_lei_1735_2019_dayan_coleta_seletiva.pdf","data_ultima_atualizacao":"2023-01-20T12:40:13.159743-03:00","ip":"177.130.60.126","ultima_edicao":"2021-07-09T11:49:03.538574-03:00","tipo":1,"regime_tramitacao":1,"tipo_origem_externa":null,"local_origem_externa":null,"user":91,"anexadas":[],"autores":[2]}