{"id":10286,"__str__":"Projeto de Lei Ordin\u00e1ria n\u00ba 4 de 2019","link_detail_backend":"/materia/10286","metadata":{},"numero":4,"ano":2019,"numero_protocolo":null,"data_apresentacao":"2019-08-13","tipo_apresentacao":"E","data_publicacao":null,"numero_origem_externa":"","ano_origem_externa":null,"data_origem_externa":null,"apelido":"","dias_prazo":null,"data_fim_prazo":null,"em_tramitacao":false,"polemica":null,"objeto":"","complementar":null,"ementa":"INSTITUI NO \u00c2MBITO MUNICIPAL A SEMANA DE CONSCIENTIZA\u00c7\u00c3O DA DEPRESS\u00c3O E D\u00c1 OUTRAS PROVID\u00caNCIAS.","indexacao":"INSTITUI NO \u00c2MBITO MUNICIPAL A SEMANA DE CONSCIENTIZA\u00c7\u00c3O DA DEPRESS\u00c3O E D\u00c1 OUTRAS PROVID\u00caNCIAS.","observacao":"","resultado":"","texto_original":"http://sapl.santarem.pa.leg.br/media/sapl/public/materialegislativa/2019/10286/proj_lei_1782_2019_andre_depressao.pdf","data_ultima_atualizacao":"2023-01-20T12:43:26.085365-03:00","ip":"177.130.60.126","ultima_edicao":"2021-07-09T11:51:24.693622-03:00","tipo":1,"regime_tramitacao":1,"tipo_origem_externa":null,"local_origem_externa":null,"user":91,"anexadas":[],"autores":[61]}