{"id":10304,"__str__":"Projeto de Lei Ordin\u00e1ria n\u00ba 5 de 2019","link_detail_backend":"/materia/10304","metadata":{},"numero":5,"ano":2019,"numero_protocolo":null,"data_apresentacao":"2019-08-14","tipo_apresentacao":"E","data_publicacao":null,"numero_origem_externa":"","ano_origem_externa":null,"data_origem_externa":null,"apelido":"","dias_prazo":null,"data_fim_prazo":null,"em_tramitacao":false,"polemica":null,"objeto":"","complementar":null,"ementa":"INSTITUI O DIA MUNICIPAL DO MA\u00c7OM NA CIDADE DE SANTAR\u00c9M DO PAR\u00c1 E D\u00c1 OUTRAS PROVID\u00caNCIAS.","indexacao":"INSTITUI O DIA MUNICIPAL DO MA\u00c7OM NA CIDADE DE SANTAR\u00c9M DO PAR\u00c1 E D\u00c1 OUTRAS PROVID\u00caNCIAS.","observacao":"","resultado":"","texto_original":"http://sapl.santarem.pa.leg.br/media/sapl/public/materialegislativa/2019/10304/1_proj_lei_1808_2019_alaercio_dia_do_macom.pdf","data_ultima_atualizacao":"2023-01-20T12:43:14.420357-03:00","ip":"177.130.60.126","ultima_edicao":"2021-07-09T11:51:12.265194-03:00","tipo":1,"regime_tramitacao":1,"tipo_origem_externa":null,"local_origem_externa":null,"user":91,"anexadas":[],"autores":[57]}