{"id":10550,"__str__":"Indica\u00e7\u00e3o n\u00ba 122 de 2019","link_detail_backend":"/materia/10550","metadata":{},"numero":122,"ano":2019,"numero_protocolo":null,"data_apresentacao":"2019-08-28","tipo_apresentacao":"E","data_publicacao":null,"numero_origem_externa":"","ano_origem_externa":null,"data_origem_externa":null,"apelido":"","dias_prazo":null,"data_fim_prazo":null,"em_tramitacao":false,"polemica":null,"objeto":"","complementar":null,"ementa":"DISP\u00d5E SOBRE A INSTALA\u00c7\u00c3O DE BANHEIROS QU\u00cdMICOS ADAPTADOS \u00c0S NECESSIDADES DE PESSOAS COM DEFICI\u00caNCIA NOS EVENTOS DE QUALQUER NATUREZA NO MUNIC\u00cdPIO DE SANTAR\u00c9M.","indexacao":"DISP\u00d5E SOBRE A INSTALA\u00c7\u00c3O DE BANHEIROS QU\u00cdMICOS ADAPTADOS \u00c0S NECESSIDADES DE PESSOAS COM DEFICI\u00caNCIA NOS EVENTOS DE QUALQUER NATUREZA NO MUNIC\u00cdPIO DE SANTAR\u00c9M.","observacao":"","resultado":"","texto_original":"http://sapl.santarem.pa.leg.br/media/sapl/public/materialegislativa/2019/10550/ind_122_2019_2012_alysson_pref.pdf","data_ultima_atualizacao":"2019-09-23T09:18:46.872620-03:00","ip":"177.130.60.126","ultima_edicao":null,"tipo":8,"regime_tramitacao":1,"tipo_origem_externa":null,"local_origem_externa":null,"user":82,"anexadas":[],"autores":[38]}