{"id":11231,"__str__":"Projeto de Lei Ordin\u00e1ria n\u00ba 11 de 2019","link_detail_backend":"/materia/11231","metadata":{},"numero":11,"ano":2019,"numero_protocolo":null,"data_apresentacao":"2019-11-04","tipo_apresentacao":"E","data_publicacao":null,"numero_origem_externa":"","ano_origem_externa":null,"data_origem_externa":null,"apelido":"","dias_prazo":null,"data_fim_prazo":null,"em_tramitacao":false,"polemica":null,"objeto":"","complementar":null,"ementa":"DISP\u00d5E SOBRE A CONCESS\u00c3O DE UTILIDADE P\u00daBLICA PARA O MUNIC\u00cdPIO DE SANTAR\u00c9M \u00c0 ASSOCIA\u00c7\u00c3O SANTARENA DE DESPORTO PARAL\u00cdMPICO-ASDEPA.","indexacao":"DISP\u00d5E SOBRE A CONCESS\u00c3O DE UTILIDADE P\u00daBLICA PARA O MUNIC\u00cdPIO DE SANTAR\u00c9M \u00c0 ASSOCIA\u00c7\u00c3O SANTARENA DE DESPORTO PARAL\u00cdMPICO-ASDEPA.","observacao":"","resultado":"","texto_original":"http://sapl.santarem.pa.leg.br/media/sapl/public/materialegislativa/2019/11231/proj_lei_2595_2019_maria_jose_utili_pub_despor_81iQRiL.pdf","data_ultima_atualizacao":"2023-01-20T12:41:45.405794-03:00","ip":"177.130.60.126","ultima_edicao":"2021-07-09T11:50:15.288113-03:00","tipo":1,"regime_tramitacao":1,"tipo_origem_externa":null,"local_origem_externa":null,"user":91,"anexadas":[],"autores":[65]}