{"id":11592,"__str__":"Indica\u00e7\u00e3o n\u00ba 155 de 2019","link_detail_backend":"/materia/11592","metadata":{},"numero":155,"ano":2019,"numero_protocolo":null,"data_apresentacao":"2019-12-10","tipo_apresentacao":"","data_publicacao":null,"numero_origem_externa":"","ano_origem_externa":null,"data_origem_externa":null,"apelido":"","dias_prazo":null,"data_fim_prazo":null,"em_tramitacao":false,"polemica":null,"objeto":"","complementar":null,"ementa":"INDICA JUNTO AO TRE/PA - TRIBUNAL REGIONAL ELEITORAL - PAR\u00c1, UMA A\u00c7\u00c3O ITINERANTE DO TRE/PA  NA COMUNIDADE DE CICERO MENDES - REGI\u00c3O DO CORTA CORDA.","indexacao":"INDICA JUNTO AO TRE/PA - TRIBUNAL REGIONAL ELEITORAL - PAR\u00c1, UMA A\u00c7\u00c3O ITINERANTE DO TRE/PA  NA COMUNIDADE DE CICERO MENDES - REGI\u00c3O DO CORTA CORDA.","observacao":"","resultado":"","texto_original":"http://sapl.santarem.pa.leg.br/media/sapl/public/materialegislativa/2019/11592/ind_155_2019_2983_francisco_tre_pa.pdf","data_ultima_atualizacao":"2020-05-20T09:03:56.556962-03:00","ip":"177.130.60.126","ultima_edicao":null,"tipo":8,"regime_tramitacao":1,"tipo_origem_externa":null,"local_origem_externa":null,"user":49,"anexadas":[],"autores":[]}