{"id":18855,"__str__":"Requerimento n\u00ba 238 de 2022","link_detail_backend":"/materia/18855","metadata":{},"numero":238,"ano":2022,"numero_protocolo":null,"data_apresentacao":"2022-02-15","tipo_apresentacao":"E","data_publicacao":null,"numero_origem_externa":"","ano_origem_externa":null,"data_origem_externa":null,"apelido":"","dias_prazo":null,"data_fim_prazo":null,"em_tramitacao":false,"polemica":false,"objeto":"","complementar":false,"ementa":"Requer a SEMED a constru\u00e7\u00e3o da Escola S\u00e3o Jorge de Educa\u00e7\u00e3o Infantil e Ensino Fundamental, na comunidade de Torr\u00e3o do Papa Terra, regi\u00e3o do Lago Grande","indexacao":"Requer a SEMED a constru\u00e7\u00e3o da Escola S\u00e3o Jorge de Educa\u00e7\u00e3o Infantil e Ensino Fundamental, na comunidade de Torr\u00e3o do Papa Terra, regi\u00e3o do Lago Grande","observacao":"","resultado":"","texto_original":"http://sapl.santarem.pa.leg.br/media/sapl/public/materialegislativa/2022/18855/req_238_2022_290_didi_semed.pdf","data_ultima_atualizacao":"2022-02-25T18:56:23.286125-03:00","ip":"177.130.60.126","ultima_edicao":"2022-02-16T11:24:24.592339-03:00","tipo":3,"regime_tramitacao":1,"tipo_origem_externa":null,"local_origem_externa":null,"user":82,"anexadas":[],"autores":[66]}