{"id":19978,"__str__":"Mo\u00e7\u00e3o n\u00ba 112 de 2022","link_detail_backend":"/materia/19978","metadata":{},"numero":112,"ano":2022,"numero_protocolo":null,"data_apresentacao":"2022-04-25","tipo_apresentacao":"E","data_publicacao":null,"numero_origem_externa":"","ano_origem_externa":null,"data_origem_externa":null,"apelido":"","dias_prazo":null,"data_fim_prazo":null,"em_tramitacao":false,"polemica":false,"objeto":"","complementar":false,"ementa":"MO\u00c7\u00c3O DE APLAUSOS, Pela implanta\u00e7\u00e3o de mais um instrumento que visa propor a\u00e7\u00f5es para os planos e programas do munic\u00edpio de Santar\u00e9m, referente \u00e0 promo\u00e7\u00e3o e \u00e0 defesa dos direitos da Pessoa com Defici\u00eancia, o N\u00facleo de Direitos da Pessoa com Defici\u00eancia","indexacao":"MO\u00c7\u00c3O DE APLAUSOS, Pela implanta\u00e7\u00e3o de mais um instrumento que visa propor a\u00e7\u00f5es para os planos e programas do munic\u00edpio de Santar\u00e9m, referente \u00e0 promo\u00e7\u00e3o e \u00e0 defesa dos direitos da Pessoa com Defici\u00eancia, o N\u00facleo de Direitos da Pessoa com Defici\u00eancia","observacao":"","resultado":"","texto_original":"http://sapl.santarem.pa.leg.br/media/sapl/public/materialegislativa/2022/19978/moc_112_2022_1240_andreo_ndpd_semtras.pdf","data_ultima_atualizacao":"2022-05-19T09:17:20.342804-03:00","ip":"177.130.60.126","ultima_edicao":"2022-04-26T10:48:10.349229-03:00","tipo":7,"regime_tramitacao":1,"tipo_origem_externa":null,"local_origem_externa":null,"user":82,"anexadas":[],"autores":[108]}