{"id":20234,"__str__":"Requerimento n\u00ba 1230 de 2022","link_detail_backend":"/materia/20234","metadata":{},"numero":1230,"ano":2022,"numero_protocolo":null,"data_apresentacao":"2022-05-11","tipo_apresentacao":"E","data_publicacao":null,"numero_origem_externa":"","ano_origem_externa":null,"data_origem_externa":null,"apelido":"","dias_prazo":null,"data_fim_prazo":null,"em_tramitacao":false,"polemica":false,"objeto":"","complementar":false,"ementa":"Requer a SEMED a reforma da escola, troca da fia\u00e7\u00e3o el\u00e9trica, amplia\u00e7\u00e3o com mais 1 pavilh\u00e3o com 5 salas de aula; reforma da cozinha, piso e forro e reparo urgente no sumidouro da escola S\u00e3o Francisco, bairro S\u00e3o Francisco","indexacao":"Requer a SEMED a reforma da escola, troca da fia\u00e7\u00e3o el\u00e9trica, amplia\u00e7\u00e3o com mais 1 pavilh\u00e3o com 5 salas de aula; reforma da cozinha, piso e forro e reparo urgente no sumidouro da escola S\u00e3o Francisco, bairro S\u00e3o Francisco","observacao":"","resultado":"","texto_original":"http://sapl.santarem.pa.leg.br/media/sapl/public/materialegislativa/2022/20234/req_1230_2022_1536_alysson_semed.pdf","data_ultima_atualizacao":"2022-06-03T09:08:28.080422-03:00","ip":"177.130.60.126","ultima_edicao":"2022-05-12T11:17:23.975297-03:00","tipo":3,"regime_tramitacao":1,"tipo_origem_externa":null,"local_origem_externa":null,"user":94,"anexadas":[],"autores":[38]}