{"id":20656,"__str__":"Indica\u00e7\u00e3o n\u00ba 178 de 2022","link_detail_backend":"/materia/20656","metadata":{},"numero":178,"ano":2022,"numero_protocolo":null,"data_apresentacao":"2022-06-06","tipo_apresentacao":"E","data_publicacao":null,"numero_origem_externa":"","ano_origem_externa":null,"data_origem_externa":null,"apelido":"","dias_prazo":null,"data_fim_prazo":null,"em_tramitacao":false,"polemica":false,"objeto":"","complementar":false,"ementa":"Indica ao Poder P\u00fablico Competente a cria\u00e7\u00e3o de um programa municipal de incentivo \u00e0s ind\u00fastrias caseiras e de pequeno porte no munic\u00edpio de Santar\u00e9m, em parceria com o SEBRAE e ACES.","indexacao":"Indica ao Poder P\u00fablico Competente a cria\u00e7\u00e3o de um programa municipal de incentivo \u00e0s ind\u00fastrias caseiras e de pequeno porte no munic\u00edpio de Santar\u00e9m, em parceria com o SEBRAE e ACES.","observacao":"","resultado":"","texto_original":"http://sapl.santarem.pa.leg.br/media/sapl/public/materialegislativa/2022/20656/ind_178_2022_2044_jander_ilson_pref.pdf","data_ultima_atualizacao":"2022-07-08T12:53:22.924374-03:00","ip":"177.130.60.126","ultima_edicao":"2022-06-20T13:33:25.531644-03:00","tipo":8,"regime_tramitacao":1,"tipo_origem_externa":null,"local_origem_externa":null,"user":82,"anexadas":[],"autores":[63]}