{"id":22529,"__str__":"Requerimento n\u00ba 36 de 2023","link_detail_backend":"/materia/22529","metadata":{},"numero":36,"ano":2023,"numero_protocolo":null,"data_apresentacao":"2023-02-15","tipo_apresentacao":"E","data_publicacao":null,"numero_origem_externa":"","ano_origem_externa":null,"data_origem_externa":null,"apelido":"","dias_prazo":null,"data_fim_prazo":null,"em_tramitacao":false,"polemica":false,"objeto":"","complementar":false,"ementa":"REQUER A SEMAP A RECUPERA\u00c7\u00c3O DO RAMAL DE CH\u00c3O DE CUIPIRANGA, NA COMUNIDADE PONTE ALTA, REGI\u00c3O DO EIXO FORTE.\r\nAUTORIA: VEREADOR \u00c2NGELO TAPAJ\u00d3S.","indexacao":"REQUER A SEMAP A RECUPERA\u00c7\u00c3O DO RAMAL DE CH\u00c3O DE CUIPIRANGA, NA COMUNIDADE PONTE ALTA, REGI\u00c3O DO EIXO FORTE.\r\nAUTORIA: VEREADOR \u00c2NGELO TAPAJ\u00d3S.","observacao":"","resultado":"","texto_original":"http://sapl.santarem.pa.leg.br/media/sapl/public/materialegislativa/2023/22529/req_36_2023_182_angelo_semap.pdf","data_ultima_atualizacao":"2023-03-13T09:48:12.903156-03:00","ip":"177.130.60.126","ultima_edicao":"2023-02-16T11:54:02.929501-03:00","tipo":3,"regime_tramitacao":1,"tipo_origem_externa":null,"local_origem_externa":null,"user":91,"anexadas":[],"autores":[93]}