{"id":22718,"__str__":"Requerimento n\u00ba 190 de 2023","link_detail_backend":"/materia/22718","metadata":{},"numero":190,"ano":2023,"numero_protocolo":null,"data_apresentacao":"2023-02-15","tipo_apresentacao":"E","data_publicacao":null,"numero_origem_externa":"","ano_origem_externa":null,"data_origem_externa":null,"apelido":"","dias_prazo":null,"data_fim_prazo":null,"em_tramitacao":false,"polemica":false,"objeto":"","complementar":false,"ementa":"REQUER A SEMED A COBERTURA DA QUADRA POLIESPORTIVA DA ESCOLA S\u00c3O PEDRO, NA COMUNIDADE DE S\u00c3O PEDRO, REGI\u00c3O DO ARAPIUNS. \r\nAUTORIA: VEREADOR J\u00daNIOR TAPAJ\u00d3S","indexacao":"REQUER A SEMED A COBERTURA DA QUADRA POLIESPORTIVA DA ESCOLA S\u00c3O PEDRO, NA COMUNIDADE DE S\u00c3O PEDRO, REGI\u00c3O DO ARAPIUNS. \r\nAUTORIA: VEREADOR J\u00daNIOR TAPAJ\u00d3S","observacao":"","resultado":"","texto_original":"http://sapl.santarem.pa.leg.br/media/sapl/public/materialegislativa/2023/22718/req_190_2023_249_jr_tap.pdf","data_ultima_atualizacao":"2023-03-13T09:48:18.651026-03:00","ip":"177.130.60.126","ultima_edicao":"2023-02-16T13:48:01.784782-03:00","tipo":3,"regime_tramitacao":1,"tipo_origem_externa":null,"local_origem_externa":null,"user":91,"anexadas":[],"autores":[10]}