{"id":22803,"__str__":"Requerimento n\u00ba 253 de 2023","link_detail_backend":"/materia/22803","metadata":{},"numero":253,"ano":2023,"numero_protocolo":null,"data_apresentacao":"2023-02-28","tipo_apresentacao":"E","data_publicacao":null,"numero_origem_externa":"","ano_origem_externa":null,"data_origem_externa":null,"apelido":"","dias_prazo":null,"data_fim_prazo":null,"em_tramitacao":false,"polemica":false,"objeto":"","complementar":false,"ementa":"REQUER A SEMINFRA A REVITALIZA\u00c7\u00c3O DA RUA SILV\u00c9RIO SIROTHEAU,\r\nESQUINA COM PROF. CARVALHO, BAIRRO ALDEIA. \r\nAUTORIA: VEREADOR ANDREO RASERA","indexacao":"REQUER A SEMINFRA A REVITALIZA\u00c7\u00c3O DA RUA SILV\u00c9RIO SIROTHEAU,\r\nESQUINA COM PROF. CARVALHO, BAIRRO ALDEIA. \r\nAUTORIA: VEREADOR ANDREO RASERA","observacao":"","resultado":"","texto_original":"http://sapl.santarem.pa.leg.br/media/sapl/public/materialegislativa/2023/22803/req_253_2023_346_andreo_seminfra.pdf","data_ultima_atualizacao":"2023-03-10T06:23:43.274223-03:00","ip":"177.130.60.126","ultima_edicao":"2023-03-01T12:54:44.703550-03:00","tipo":3,"regime_tramitacao":1,"tipo_origem_externa":null,"local_origem_externa":null,"user":82,"anexadas":[],"autores":[108]}