{"id":22967,"__str__":"Requerimento n\u00ba 384 de 2023","link_detail_backend":"/materia/22967","metadata":{},"numero":384,"ano":2023,"numero_protocolo":null,"data_apresentacao":"2023-03-01","tipo_apresentacao":"E","data_publicacao":null,"numero_origem_externa":"","ano_origem_externa":null,"data_origem_externa":null,"apelido":"","dias_prazo":null,"data_fim_prazo":null,"em_tramitacao":false,"polemica":false,"objeto":"","complementar":false,"ementa":"REQUER A MESA DIRETORA A REALIZA\u00c7\u00c3O DE UMA AUDI\u00caNCIA P\u00daBLICA NO DIA 23 DE MAR\u00c7O, \u00c0S 10 H, PARA TRATAR DE ASSUNTOS RELACIONADOS AOS CEMIT\u00c9RIOS DO MUNIC\u00cdPIO DE SANTAR\u00c9M. \r\n(AUTORIA: VEREADOR ELIELTON LIRA).\r\nFOI CANCELADA E ARQUIVADA A PEDIDO DO AUTOR ( VER. ELIELTON LIRA) EM : 22/03/2023.\r\nMAT\u00c9RIA ARQUIVADA A PEDIDO DO AUTOR.","indexacao":"REQUER A MESA DIRETORA A REALIZA\u00c7\u00c3O DE UMA AUDI\u00caNCIA P\u00daBLICA NO DIA 23 DE MAR\u00c7O, \u00c0S 10 H, PARA TRATAR DE ASSUNTOS RELACIONADOS AOS CEMIT\u00c9RIOS DO MUNIC\u00cdPIO DE SANTAR\u00c9M. \r\n(AUTORIA: VEREADOR ELIELTON LIRA).\r\nFOI CANCELADA E ARQUIVADA A PEDIDO DO AUTOR ( VER. ELIELTON LIRA) EM : 22/03/2023.\r\nMAT\u00c9RIA ARQUIVADA A PEDIDO DO AUTOR.","observacao":"","resultado":"","texto_original":"http://sapl.santarem.pa.leg.br/media/sapl/public/materialegislativa/2023/22967/req_384_2023_451_elielton_audiencia.pdf","data_ultima_atualizacao":"2023-03-24T10:37:06.756208-03:00","ip":"177.130.60.126","ultima_edicao":"2023-03-24T10:37:06.591739-03:00","tipo":3,"regime_tramitacao":1,"tipo_origem_externa":null,"local_origem_externa":null,"user":91,"anexadas":[],"autores":[92]}