{"id":23177,"__str__":"Requerimento n\u00ba 527 de 2023","link_detail_backend":"/materia/23177","metadata":{},"numero":527,"ano":2023,"numero_protocolo":null,"data_apresentacao":"2023-03-13","tipo_apresentacao":"E","data_publicacao":null,"numero_origem_externa":"","ano_origem_externa":null,"data_origem_externa":null,"apelido":"","dias_prazo":null,"data_fim_prazo":null,"em_tramitacao":false,"polemica":false,"objeto":"","complementar":false,"ementa":"REQUER A SEMAP A REVITALIZA\u00c7\u00c3O DA PRA\u00c7A LOCALIZADA NA COMUNIDADE S\u00c3O MIGUEL, REGI\u00c3O DO ARAPIUNS. (AUTORIA: VEREADORA ALBA LEAL).","indexacao":"REQUER A SEMAP A REVITALIZA\u00c7\u00c3O DA PRA\u00c7A LOCALIZADA NA COMUNIDADE S\u00c3O MIGUEL, REGI\u00c3O DO ARAPIUNS. (AUTORIA: VEREADORA ALBA LEAL).","observacao":"","resultado":"","texto_original":"http://sapl.santarem.pa.leg.br/media/sapl/public/materialegislativa/2023/23177/req_527_2023_668_alba_semap_sao_miguel.pdf","data_ultima_atualizacao":"2023-03-24T11:04:32.030671-03:00","ip":"177.130.60.126","ultima_edicao":"2023-03-14T11:42:10.638530-03:00","tipo":3,"regime_tramitacao":1,"tipo_origem_externa":null,"local_origem_externa":null,"user":91,"anexadas":[],"autores":[88]}