{"id":23237,"__str__":"Requerimento n\u00ba 555 de 2023","link_detail_backend":"/materia/23237","metadata":{},"numero":555,"ano":2023,"numero_protocolo":null,"data_apresentacao":"2023-03-28","tipo_apresentacao":"E","data_publicacao":null,"numero_origem_externa":"","ano_origem_externa":null,"data_origem_externa":null,"apelido":"","dias_prazo":null,"data_fim_prazo":null,"em_tramitacao":false,"polemica":false,"objeto":"","complementar":false,"ementa":"REQUER A SMT A IMPLANTA\u00c7\u00c3O DE FAIXA DE PEDESTRES NA AV. S\u00c3O SEBASTI\u00c3O, EM FRENTE \u00c0 ESCOLA EZERIEL M\u00d4NICO DE MATOS, BAIRRO ALDEIA.\r\n (AUTORIA: VEREADORA ADRIANA ALMEIDA).","indexacao":"REQUER A SMT A IMPLANTA\u00c7\u00c3O DE FAIXA DE PEDESTRES NA AV. S\u00c3O SEBASTI\u00c3O, EM FRENTE \u00c0 ESCOLA EZERIEL M\u00d4NICO DE MATOS, BAIRRO ALDEIA. \r\n(AUTORIA: VEREADORA ADRIANA ALMEIDA).","observacao":"","resultado":"","texto_original":"http://sapl.santarem.pa.leg.br/media/sapl/public/materialegislativa/2023/23237/req_555_2023_771_adriana_smt.pdf","data_ultima_atualizacao":"2023-03-30T08:47:43.800731-03:00","ip":"177.130.60.126","ultima_edicao":"2023-03-29T13:20:31.666240-03:00","tipo":3,"regime_tramitacao":1,"tipo_origem_externa":null,"local_origem_externa":null,"user":91,"anexadas":[],"autores":[91]}