{"id":23385,"__str__":"Requerimento n\u00ba 648 de 2023","link_detail_backend":"/materia/23385","metadata":{},"numero":648,"ano":2023,"numero_protocolo":null,"data_apresentacao":"2023-04-05","tipo_apresentacao":"E","data_publicacao":null,"numero_origem_externa":"","ano_origem_externa":null,"data_origem_externa":null,"apelido":"","dias_prazo":null,"data_fim_prazo":null,"em_tramitacao":false,"polemica":false,"objeto":"","complementar":false,"ementa":"REQUER A SEMSA A MANUTEN\u00c7\u00c3O DO AR CONDICIONADO DA SALA DE ENFERMAGEM, O REPARO NA INFILTRA\u00c7\u00c3O DAS PAREDES E A MUDAN\u00c7A NO PADR\u00c3O DE ENERGIA EL\u00c9TRICA DA UBS PARA O BAIRRO AMPARO. (AUTORIA: VEREADOR ALYSSON PONTES).","indexacao":"REQUER A SEMSA A MANUTEN\u00c7\u00c3O DO AR CONDICIONADO DA SALA DE ENFERMAGEM, O REPARO NA INFILTRA\u00c7\u00c3O DAS PAREDES E A MUDAN\u00c7A NO PADR\u00c3O DE ENERGIA EL\u00c9TRICA DA UBS PARA O BAIRRO AMPARO. (AUTORIA: VEREADOR ALYSSON PONTES).","observacao":"","resultado":"","texto_original":"http://sapl.santarem.pa.leg.br/media/sapl/public/materialegislativa/2023/23385/req_648_2023_960_alysson_semsa_ubs_amparo.pdf","data_ultima_atualizacao":"2023-05-02T10:40:23.817295-03:00","ip":"177.130.60.126","ultima_edicao":"2023-04-10T12:37:26.002354-03:00","tipo":3,"regime_tramitacao":1,"tipo_origem_externa":null,"local_origem_externa":null,"user":91,"anexadas":[],"autores":[38]}