{"id":23570,"__str__":"Requerimento n\u00ba 759 de 2023","link_detail_backend":"/materia/23570","metadata":{},"numero":759,"ano":2023,"numero_protocolo":null,"data_apresentacao":"2023-04-10","tipo_apresentacao":"E","data_publicacao":null,"numero_origem_externa":"","ano_origem_externa":null,"data_origem_externa":null,"apelido":"","dias_prazo":null,"data_fim_prazo":null,"em_tramitacao":false,"polemica":false,"objeto":"","complementar":false,"ementa":"REQUER AO CHEFE DO PODER EXECUTIVO A REVITALIZA\u00c7\u00c3O E MANUTEN\u00c7\u00c3O DA FAIXA DE PEDESTRES LOCALIZADA NO CRUZAMENTO DA AV. BAR\u00c3O DO RIO BRANCO COM S\u00c3O SEBASTI\u00c3O. \r\n(AUTORIA: VEREADOR ALYSSON PONTES).","indexacao":"REQUER AO CHEFE DO PODER EXECUTIVO A REVITALIZA\u00c7\u00c3O E MANUTEN\u00c7\u00c3O DA FAIXA DE PEDESTRES LOCALIZADA NO CRUZAMENTO DA AV. BAR\u00c3O DO RIO BRANCO COM S\u00c3O SEBASTI\u00c3O. \r\n(AUTORIA: VEREADOR ALYSSON PONTES).","observacao":"","resultado":"","texto_original":"http://sapl.santarem.pa.leg.br/media/sapl/public/materialegislativa/2023/23570/req_759_2023_1086_alysson_smt.pdf","data_ultima_atualizacao":"2023-05-05T09:13:29.846955-03:00","ip":"177.130.60.126","ultima_edicao":"2023-04-11T13:36:12.838984-03:00","tipo":3,"regime_tramitacao":1,"tipo_origem_externa":null,"local_origem_externa":null,"user":114,"anexadas":[],"autores":[38]}