{"id":24636,"__str__":"Requerimento n\u00ba 1383 de 2023","link_detail_backend":"/materia/24636","metadata":{},"numero":1383,"ano":2023,"numero_protocolo":null,"data_apresentacao":"2023-05-30","tipo_apresentacao":"E","data_publicacao":null,"numero_origem_externa":"","ano_origem_externa":null,"data_origem_externa":null,"apelido":"","dias_prazo":null,"data_fim_prazo":null,"em_tramitacao":false,"polemica":false,"objeto":"","complementar":false,"ementa":"REQUER A SMT A AMPLIA\u00c7\u00c3O DO PONTO DE \u00d4NIBUS NA FEIRA DA CANDILHA. \r\nAUTORIA: VEREADOR CARLOS SILVA","indexacao":"REQUER A SMT A AMPLIA\u00c7\u00c3O DO PONTO DE \u00d4NIBUS NA FEIRA DA CANDILHA. \r\nAUTORIA: VEREADOR CARLOS SILVA","observacao":"","resultado":"","texto_original":"http://sapl.santarem.pa.leg.br/media/sapl/public/materialegislativa/2023/24636/req_1383_2023_1938_ver_carlos_silva_para_smt.pdf","data_ultima_atualizacao":"2023-06-16T11:05:40.616680-03:00","ip":"177.130.60.126","ultima_edicao":"2023-05-31T13:31:30.288265-03:00","tipo":3,"regime_tramitacao":1,"tipo_origem_externa":null,"local_origem_externa":null,"user":114,"anexadas":[],"autores":[94]}