{"id":24892,"__str__":"Requerimento n\u00ba 1553 de 2023","link_detail_backend":"/materia/24892","metadata":{},"numero":1553,"ano":2023,"numero_protocolo":null,"data_apresentacao":"2023-06-19","tipo_apresentacao":"E","data_publicacao":null,"numero_origem_externa":"","ano_origem_externa":null,"data_origem_externa":null,"apelido":"","dias_prazo":null,"data_fim_prazo":null,"em_tramitacao":true,"polemica":false,"objeto":"","complementar":false,"ementa":"Requer a SEMAP a coloca\u00e7\u00e3o de 15 lumin\u00e1rias completas nos postes do ramal localizado em frente a Comunidade Porto Novo, Planalto Curu\u00e1-Una. \r\n(Autoria: Vereador Alysson Pontes).","indexacao":"Requer a SEMAP a coloca\u00e7\u00e3o de 15 lumin\u00e1rias completas nos postes do ramal localizado em frente a Comunidade Porto Novo, Planalto Curu\u00e1-Una. \r\n(Autoria: Vereador Alysson Pontes).","observacao":"","resultado":"","texto_original":"http://sapl.santarem.pa.leg.br/media/sapl/public/materialegislativa/2023/24892/req_1553_2023_2181_ver_alysson_a_semap.pdf","data_ultima_atualizacao":"2023-08-24T09:31:13.800684-03:00","ip":"177.130.60.126","ultima_edicao":"2023-06-20T13:36:21.624979-03:00","tipo":3,"regime_tramitacao":1,"tipo_origem_externa":null,"local_origem_externa":null,"user":115,"anexadas":[],"autores":[38]}