{"id":25068,"__str__":"Indica\u00e7\u00e3o n\u00ba 255 de 2023","link_detail_backend":"/materia/25068","metadata":{},"numero":255,"ano":2023,"numero_protocolo":null,"data_apresentacao":"2023-06-26","tipo_apresentacao":"E","data_publicacao":null,"numero_origem_externa":"","ano_origem_externa":null,"data_origem_externa":null,"apelido":"","dias_prazo":null,"data_fim_prazo":null,"em_tramitacao":false,"polemica":false,"objeto":"","complementar":false,"ementa":"INDICA A SEMED E SEMAP ESTUDOS NO SENTIDO DE CRIAR UM PROGRAMA EDUCATIVO DIRECIONADO AO PEQUENO AGRICULTOR NO MUNIC\u00cdPIO DE SANTAR\u00c9M. (AUTORIA: VEREADOR AGUINALDO PROMISS\u00d3RIA).","indexacao":"INDICA A SEMED E SEMAP ESTUDOS NO SENTIDO DE CRIAR UM PROGRAMA EDUCATIVO DIRECIONADO AO PEQUENO AGRICULTOR NO MUNIC\u00cdPIO DE SANTAR\u00c9M. (AUTORIA: VEREADOR AGUINALDO PROMISS\u00d3RIA).","observacao":"","resultado":"","texto_original":"http://sapl.santarem.pa.leg.br/media/sapl/public/materialegislativa/2023/25068/ind_255_2023_2259_aguinaldo_semed_semap.pdf","data_ultima_atualizacao":"2023-07-10T12:43:49.955064-03:00","ip":"177.130.60.126","ultima_edicao":"2023-06-27T11:04:21.252266-03:00","tipo":8,"regime_tramitacao":1,"tipo_origem_externa":null,"local_origem_externa":null,"user":91,"anexadas":[],"autores":[95]}