{"id":25567,"__str__":"Projeto de Lei Ordin\u00e1ria n\u00ba 158 de 2024","link_detail_backend":"/materia/25567","metadata":{},"numero":158,"ano":2024,"numero_protocolo":null,"data_apresentacao":"2024-06-24","tipo_apresentacao":"E","data_publicacao":null,"numero_origem_externa":"","ano_origem_externa":null,"data_origem_externa":null,"apelido":"","dias_prazo":null,"data_fim_prazo":null,"em_tramitacao":false,"polemica":false,"objeto":"","complementar":false,"ementa":"CRIA O FUNDO MUNICIPAL PARA POL\u00cdTICAS PENAIS DO MUNIC\u00cdPIO DE SANTAR\u00c9M E D\u00c1 OUTRAS PROVID\u00caNCIAS. \r\n(PREFEITURA MUNICIPAL DE SANTAR\u00c9M).","indexacao":"CRIA O FUNDO MUNICIPAL PARA POL\u00cdTICAS PENAIS DO MUNIC\u00cdPIO DE SANTAR\u00c9M E D\u00c1 OUTRAS PROVID\u00caNCIAS. \r\n(PREFEITURA MUNICIPAL DE SANTAR\u00c9M).","observacao":"","resultado":"","texto_original":"http://sapl.santarem.pa.leg.br/media/sapl/public/materialegislativa/2023/25567/1_proj_lei_2578_2023_pref_cria_o_fundo_mun_p_polit_penais_do_mun_de_stm_e_da_out_prov.pdf","data_ultima_atualizacao":"2024-10-23T15:59:42.731539-03:00","ip":"177.130.60.126","ultima_edicao":"2024-06-28T15:45:20.141088-03:00","tipo":1,"regime_tramitacao":1,"tipo_origem_externa":null,"local_origem_externa":null,"user":91,"anexadas":[],"autores":[22]}