{"id":26644,"__str__":"Indica\u00e7\u00e3o n\u00ba 426 de 2023","link_detail_backend":"/materia/26644","metadata":{},"numero":426,"ano":2023,"numero_protocolo":null,"data_apresentacao":"2023-11-27","tipo_apresentacao":"E","data_publicacao":null,"numero_origem_externa":"","ano_origem_externa":null,"data_origem_externa":null,"apelido":"","dias_prazo":null,"data_fim_prazo":null,"em_tramitacao":false,"polemica":false,"objeto":"","complementar":false,"ementa":"INDICA AO PREFEITO MUNICIPAL QUE DESENVOLVA A CAMPANHA EDUCATIVA DE SENSIBILIZA\u00c7\u00c3O AO COMBATE \u00c0S QUEIMADAS EM NOSSO MUNIC\u00cdPIO. (AUTORIA: VEREADOR ERLON ROCHA).","indexacao":"INDICA AO PREFEITO MUNICIPAL QUE DESENVOLVA A CAMPANHA EDUCATIVA DE SENSIBILIZA\u00c7\u00c3O AO COMBATE \u00c0S QUEIMADAS EM NOSSO MUNIC\u00cdPIO. (AUTORIA: VEREADOR ERLON ROCHA).","observacao":"","resultado":"","texto_original":"http://sapl.santarem.pa.leg.br/media/sapl/public/materialegislativa/2023/26644/ind_426_2023_3700_ver_erlon_rocha_pms.pdf","data_ultima_atualizacao":"2023-12-12T15:11:24.392575-03:00","ip":"177.130.60.126","ultima_edicao":"2023-11-28T10:00:39.444651-03:00","tipo":8,"regime_tramitacao":1,"tipo_origem_externa":null,"local_origem_externa":null,"user":115,"anexadas":[],"autores":[87]}