{"id":27802,"__str__":"Requerimento n\u00ba 580 de 2024","link_detail_backend":"/materia/27802","metadata":{},"numero":580,"ano":2024,"numero_protocolo":null,"data_apresentacao":"2024-03-12","tipo_apresentacao":"E","data_publicacao":null,"numero_origem_externa":"","ano_origem_externa":null,"data_origem_externa":null,"apelido":"","dias_prazo":null,"data_fim_prazo":null,"em_tramitacao":false,"polemica":false,"objeto":"","complementar":false,"ementa":"REQUER AO GOVERNO DO ESTADO DO PAR\u00c1 A DESCENTRALIZA\u00c7\u00c3O DO LABORAT\u00d3RIO CENTRAL DO ESTADO DO PAR\u00c1 - LACEN. \r\nAUTORIA: VEREADOR RONAN LIBERAL JR.","indexacao":"REQUER AO GOVERNO DO ESTADO DO PAR\u00c1 A DESCENTRALIZA\u00c7\u00c3O DO LABORAT\u00d3RIO CENTRAL DO ESTADO DO PAR\u00c1 - LACEN. \r\nAUTORIA: VEREADOR RONAN LIBERAL JR.","observacao":"","resultado":"","texto_original":"http://sapl.santarem.pa.leg.br/media/sapl/public/materialegislativa/2024/27802/req_580_2024_745_ronan_sespa.pdf","data_ultima_atualizacao":"2024-03-12T17:55:20.195442-03:00","ip":"177.130.60.126","ultima_edicao":"2024-03-12T17:55:20.025783-03:00","tipo":3,"regime_tramitacao":1,"tipo_origem_externa":null,"local_origem_externa":null,"user":91,"anexadas":[],"autores":[19]}