{"id":28340,"__str__":"Requerimento n\u00ba 970 de 2024","link_detail_backend":"/materia/28340","metadata":{},"numero":970,"ano":2024,"numero_protocolo":null,"data_apresentacao":"2024-04-22","tipo_apresentacao":"E","data_publicacao":null,"numero_origem_externa":"","ano_origem_externa":null,"data_origem_externa":null,"apelido":"","dias_prazo":null,"data_fim_prazo":null,"em_tramitacao":false,"polemica":false,"objeto":"","complementar":false,"ementa":"REQUER \u00c0 MESA DIRETORA A CRIA\u00c7\u00c3O DE UMA COMISS\u00c3O ESPECIAL DE ESTUDOS PARLAMENTARES PARA AVALIA\u00c7\u00c3O, AN\u00c1LISE, ESTUDO E ELABORA\u00c7\u00c3O DE RELAT\u00d3RIO T\u00c9CNICO DA \u00c1REA DENOMINADA \u201cVISTA ALEGRE DO JU\u00c1\u201d, VISANDO POSS\u00cdVEL REGULARIZA\u00c7\u00c3O FUNDI\u00c1RIA. (AUTORIA: VEREADOR ELIELTON LIRA).","indexacao":"REQUER \u00c0 MESA DIRETORA A CRIA\u00c7\u00c3O DE UMA COMISS\u00c3O ESPECIAL DE ESTUDOS PARLAMENTARES PARA AVALIA\u00c7\u00c3O, AN\u00c1LISE, ESTUDO E ELABORA\u00c7\u00c3O DE RELAT\u00d3RIO T\u00c9CNICO DA \u00c1REA DENOMINADA \u201cVISTA ALEGRE DO JU\u00c1\u201d, VISANDO POSS\u00cdVEL REGULARIZA\u00c7\u00c3O FUNDI\u00c1RIA. (AUTORIA: VEREADOR ELIELTON LIRA).","observacao":"","resultado":"","texto_original":"http://sapl.santarem.pa.leg.br/media/sapl/public/materialegislativa/2024/28340/req_970_2024_1393_elielton_mesa.pdf","data_ultima_atualizacao":"2024-04-23T09:42:43.377494-03:00","ip":"177.130.60.126","ultima_edicao":"2024-04-23T09:42:43.201625-03:00","tipo":3,"regime_tramitacao":1,"tipo_origem_externa":null,"local_origem_externa":null,"user":91,"anexadas":[],"autores":[92]}