{"id":29309,"__str__":"Requerimento n\u00ba 1535 de 2024","link_detail_backend":"/materia/29309","metadata":{},"numero":1535,"ano":2024,"numero_protocolo":null,"data_apresentacao":"2024-05-22","tipo_apresentacao":"E","data_publicacao":null,"numero_origem_externa":"","ano_origem_externa":null,"data_origem_externa":null,"apelido":"","dias_prazo":null,"data_fim_prazo":null,"em_tramitacao":false,"polemica":false,"objeto":"","complementar":false,"ementa":"\u2013\u2013 REQUER \u00c0 SEMINFRA A REFORMA DA TAMPA DO BUEIRO NA TV. ANT\u00d4NIO JUSTA, ESQUINA COM AV. S\u00c3O SEBASTI\u00c3O, BAIRRO ALDEIA. (AUTORIA: VEREADOR ERLON ROCHA).","indexacao":"\u2013\u2013 REQUER \u00c0 SEMINFRA A REFORMA DA TAMPA DO BUEIRO NA TV. ANT\u00d4NIO JUSTA, ESQUINA COM AV. S\u00c3O SEBASTI\u00c3O, BAIRRO ALDEIA. (AUTORIA: VEREADOR ERLON ROCHA).","observacao":"","resultado":"","texto_original":"http://sapl.santarem.pa.leg.br/media/sapl/public/materialegislativa/2024/29309/req_1535_2024_1986_erlon_seminfra.pdf","data_ultima_atualizacao":"2024-06-06T13:49:18.376250-03:00","ip":"177.130.60.126","ultima_edicao":"2024-05-23T09:46:44.622116-03:00","tipo":3,"regime_tramitacao":1,"tipo_origem_externa":null,"local_origem_externa":null,"user":91,"anexadas":[],"autores":[87]}