{"id":29933,"__str__":"Requerimento n\u00ba 1917 de 2024","link_detail_backend":"/materia/29933","metadata":{},"numero":1917,"ano":2024,"numero_protocolo":null,"data_apresentacao":"2024-08-13","tipo_apresentacao":"E","data_publicacao":null,"numero_origem_externa":"","ano_origem_externa":null,"data_origem_externa":null,"apelido":"","dias_prazo":null,"data_fim_prazo":null,"em_tramitacao":false,"polemica":false,"objeto":"","complementar":false,"ementa":"REQUER \u00c0 SEMINFRA A COLOCA\u00c7\u00c3O DE TAMPA DO BUEIRO (GALERIA) NA ESQUINA DA RUA CAMPOS SALES E RUA SALVA\u00c7\u00c3O, BAIRRO LIBERDADE. (AUTORIA: VEREADOR ALYSSON PONTES).","indexacao":"REQUER \u00c0 SEMINFRA A COLOCA\u00c7\u00c3O DE TAMPA DO BUEIRO (GALERIA) NA ESQUINA DA RUA CAMPOS SALES E RUA SALVA\u00c7\u00c3O, BAIRRO LIBERDADE. (AUTORIA: VEREADOR ALYSSON PONTES).","observacao":"","resultado":"","texto_original":"http://sapl.santarem.pa.leg.br/media/sapl/public/materialegislativa/2024/29933/req_1917_2024_2581_alysson_seminfra.pdf","data_ultima_atualizacao":"2024-08-23T15:05:44.369263-03:00","ip":"45.165.167.45","ultima_edicao":"2024-08-14T14:10:35.809240-03:00","tipo":3,"regime_tramitacao":1,"tipo_origem_externa":null,"local_origem_externa":null,"user":115,"anexadas":[],"autores":[38]}