{"id":30428,"__str__":"Requerimento n\u00ba 2160 de 2024","link_detail_backend":"/materia/30428","metadata":{},"numero":2160,"ano":2024,"numero_protocolo":null,"data_apresentacao":"2024-10-30","tipo_apresentacao":"E","data_publicacao":null,"numero_origem_externa":"","ano_origem_externa":null,"data_origem_externa":null,"apelido":"","dias_prazo":null,"data_fim_prazo":null,"em_tramitacao":false,"polemica":false,"objeto":"","complementar":false,"ementa":"REQUER \u00c0 SEMED A REFORMA E AMPLIA\u00c7\u00c3O DA ESCOLA MUNICIPAL S\u00c3O PEDRO, LOCALIZADA NA COMUNIDADE BOM JARDIM, REGI\u00c3O DE PLANALTO. (AUTORIA: VEREADOR ELIELTON LIRA).","indexacao":"REQUER \u00c0 SEMED A REFORMA E AMPLIA\u00c7\u00c3O DA ESCOLA MUNICIPAL S\u00c3O PEDRO, LOCALIZADA NA COMUNIDADE BOM JARDIM, REGI\u00c3O DE PLANALTO. (AUTORIA: VEREADOR ELIELTON LIRA).","observacao":"","resultado":"","texto_original":"http://sapl.santarem.pa.leg.br/media/sapl/public/materialegislativa/2024/30428/req_2160_2024_2925_ver_elielton_semed.pdf","data_ultima_atualizacao":"2024-11-06T18:12:10.147122-03:00","ip":"45.165.167.135","ultima_edicao":"2024-10-31T11:31:22.283705-03:00","tipo":3,"regime_tramitacao":1,"tipo_origem_externa":null,"local_origem_externa":null,"user":115,"anexadas":[],"autores":[92]}