{"id":31653,"__str__":"Requerimento n\u00ba 260 de 2025","link_detail_backend":"/materia/31653","metadata":{},"numero":260,"ano":2025,"numero_protocolo":null,"data_apresentacao":"2025-03-25","tipo_apresentacao":"E","data_publicacao":null,"numero_origem_externa":"","ano_origem_externa":null,"data_origem_externa":null,"apelido":"","dias_prazo":null,"data_fim_prazo":null,"em_tramitacao":false,"polemica":false,"objeto":"","complementar":false,"ementa":"REQUER \u00c0 SEMINFRA SERVI\u00c7O DE COMPACTA\u00c7\u00c3O E TERRAPLANAGEM NA RUA BEIJA-FLOR, RAMAL DO PARA\u00cdSO (RODOVIA EVERALDO MARTINS), LOCALIZADO NA COMUNIDADE DE S\u00c3O BR\u00c1S, REGI\u00c3O DO EIXO FORTE. \r\n(AUTORIA: VEREADOR JANDER ILSON PEREIRA).","indexacao":"REQUER \u00c0 SEMINFRA SERVI\u00c7O DE COMPACTA\u00c7\u00c3O E TERRAPLANAGEM NA RUA BEIJA-FLOR, RAMAL DO PARA\u00cdSO (RODOVIA EVERALDO MARTINS), LOCALIZADO NA COMUNIDADE DE S\u00c3O BR\u00c1S, REGI\u00c3O DO EIXO FORTE. \r\n(AUTORIA: VEREADOR JANDER ILSON PEREIRA).","observacao":"","resultado":"","texto_original":"http://sapl.santarem.pa.leg.br/media/sapl/public/materialegislativa/2025/31653/req_260_2025_970_janderilson_seminfra.pdf","data_ultima_atualizacao":"2025-04-23T20:12:25.273108-03:00","ip":"177.130.49.77","ultima_edicao":"2025-03-27T10:43:04.064217-03:00","tipo":3,"regime_tramitacao":1,"tipo_origem_externa":null,"local_origem_externa":null,"user":133,"anexadas":[],"autores":[63]}