{"id":31772,"__str__":"Indica\u00e7\u00e3o n\u00ba 125 de 2025","link_detail_backend":"/materia/31772","metadata":{},"numero":125,"ano":2025,"numero_protocolo":null,"data_apresentacao":"2025-03-17","tipo_apresentacao":"E","data_publicacao":null,"numero_origem_externa":"","ano_origem_externa":null,"data_origem_externa":null,"apelido":"","dias_prazo":null,"data_fim_prazo":null,"em_tramitacao":false,"polemica":false,"objeto":"","complementar":false,"ementa":"INDICA \u00c0 SEDUC A AMPLIA\u00c7\u00c3O DE VAGAS DO CENTRO DE EDUCA\u00c7\u00c3O DE JOVENS E ADULTOS \u2013 CEEJA, EM SANTAR\u00c9M. (AUTORIA: VEREADOR ALBERTO PORTELA)","indexacao":"INDICA \u00c0 SEDUC A AMPLIA\u00c7\u00c3O DE VAGAS DO CENTRO DE EDUCA\u00c7\u00c3O DE JOVENS E ADULTOS \u2013 CEEJA, EM SANTAR\u00c9M. (AUTORIA: VEREADOR ALBERTO PORTELA)","observacao":"","resultado":"","texto_original":"http://sapl.santarem.pa.leg.br/media/sapl/public/materialegislativa/2025/31772/ind_125_2025_750_alberto_seduc.pdf","data_ultima_atualizacao":"2025-04-02T14:29:21.572387-03:00","ip":"177.130.49.77","ultima_edicao":"2025-03-18T13:20:49.958746-03:00","tipo":8,"regime_tramitacao":1,"tipo_origem_externa":null,"local_origem_externa":null,"user":91,"anexadas":[],"autores":[129]}