{"id":32012,"__str__":"Requerimento n\u00ba 428 de 2025","link_detail_backend":"/materia/32012","metadata":{},"numero":428,"ano":2025,"numero_protocolo":null,"data_apresentacao":"2025-03-11","tipo_apresentacao":"E","data_publicacao":null,"numero_origem_externa":"","ano_origem_externa":null,"data_origem_externa":null,"apelido":"","dias_prazo":null,"data_fim_prazo":null,"em_tramitacao":false,"polemica":false,"objeto":"","complementar":false,"ementa":"REQUER \u00c0 SEMINFRA A RECUPERA\u00c7\u00c3O DA TV. ESP\u00cdRITO SANTO, BAIRRO AMPARO, GRANDE \u00c1REA DO SANTARENZINHO. \r\n(AUTORIA: VEREADOR MANO DADAI).","indexacao":"REQUER \u00c0 SEMINFRA A RECUPERA\u00c7\u00c3O DA TV. ESP\u00cdRITO SANTO, BAIRRO AMPARO, GRANDE \u00c1REA DO SANTARENZINHO. \r\n(AUTORIA: VEREADOR MANO DADAI).","observacao":"","resultado":"","texto_original":"http://sapl.santarem.pa.leg.br/media/sapl/public/materialegislativa/2025/32012/req_428_2025_538_mano_dadai_seminfra.pdf","data_ultima_atualizacao":"2025-03-28T20:15:16.080820-03:00","ip":"177.130.49.77","ultima_edicao":"2025-03-13T10:08:56.433217-03:00","tipo":3,"regime_tramitacao":1,"tipo_origem_externa":null,"local_origem_externa":null,"user":133,"anexadas":[],"autores":[70]}