{"id":32621,"__str__":"Indica\u00e7\u00e3o n\u00ba 331 de 2025","link_detail_backend":"/materia/32621","metadata":{},"numero":331,"ano":2025,"numero_protocolo":null,"data_apresentacao":"2025-04-08","tipo_apresentacao":"E","data_publicacao":null,"numero_origem_externa":"","ano_origem_externa":null,"data_origem_externa":null,"apelido":"","dias_prazo":null,"data_fim_prazo":null,"em_tramitacao":false,"polemica":false,"objeto":"","complementar":false,"ementa":"INDICA \u00c0 SEMINFRA A PAVIMENTA\u00c7\u00c3O ASF\u00c1LTICA DA RUA PADRE FELIPE BETENDORFF, AP\u00d3S A MOA\u00c7ARA, BAIRRO DIAMANTINO. (AUTORIA: VEREADOR JOZIEL COLARES).","indexacao":"INDICA \u00c0 SEMINFRA A PAVIMENTA\u00c7\u00c3O ASF\u00c1LTICA DA RUA PADRE FELIPE BETENDORFF, AP\u00d3S A MOA\u00c7ARA, BAIRRO DIAMANTINO. (AUTORIA: VEREADOR JOZIEL COLARES).","observacao":"","resultado":"","texto_original":"http://sapl.santarem.pa.leg.br/media/sapl/public/materialegislativa/2025/32621/ind_331_2025_1412_joziel_seminfra.pdf","data_ultima_atualizacao":"2025-05-09T09:20:10.675170-03:00","ip":"177.130.49.77","ultima_edicao":"2025-04-09T14:07:40.356697-03:00","tipo":8,"regime_tramitacao":1,"tipo_origem_externa":null,"local_origem_externa":null,"user":91,"anexadas":[],"autores":[133]}