{"id":32658,"__str__":"Indica\u00e7\u00e3o n\u00ba 356 de 2025","link_detail_backend":"/materia/32658","metadata":{},"numero":356,"ano":2025,"numero_protocolo":null,"data_apresentacao":"2025-04-08","tipo_apresentacao":"E","data_publicacao":null,"numero_origem_externa":"","ano_origem_externa":null,"data_origem_externa":null,"apelido":"","dias_prazo":null,"data_fim_prazo":null,"em_tramitacao":false,"polemica":false,"objeto":"","complementar":false,"ementa":"INDICA \u00c0 SEMINFRA O ASFALTAMENTO DA RUA ARARI\u00c1, EM TODA A SUA EXTENS\u00c3O, BAIRRO MARACAN\u00c3. (AUTORIA: VEREADORA ELITA BELTR\u00c3O).","indexacao":"INDICA \u00c0 SEMINFRA O ASFALTAMENTO DA RUA ARARI\u00c1, EM TODA A SUA EXTENS\u00c3O, BAIRRO MARACAN\u00c3. (AUTORIA: VEREADORA ELITA BELTR\u00c3O).","observacao":"","resultado":"","texto_original":"http://sapl.santarem.pa.leg.br/media/sapl/public/materialegislativa/2025/32658/ind_356_2025_1426_elita_seminfra.pdf","data_ultima_atualizacao":"2025-05-09T09:20:13.028046-03:00","ip":"177.130.49.77","ultima_edicao":"2025-04-09T14:52:18.937445-03:00","tipo":8,"regime_tramitacao":1,"tipo_origem_externa":null,"local_origem_externa":null,"user":91,"anexadas":[],"autores":[132]}