{"id":33840,"__str__":"Requerimento n\u00ba 1622 de 2025","link_detail_backend":"/materia/33840","metadata":{},"numero":1622,"ano":2025,"numero_protocolo":null,"data_apresentacao":"2025-06-02","tipo_apresentacao":"E","data_publicacao":null,"numero_origem_externa":"","ano_origem_externa":null,"data_origem_externa":null,"apelido":"","dias_prazo":null,"data_fim_prazo":null,"em_tramitacao":false,"polemica":false,"objeto":"","complementar":false,"ementa":"REQUER \u00c0 SEMURB SERVI\u00c7O DE LIMPEZA NA PRA\u00c7A DO D.E.R, BAIRRO PRAINHA. (AUTORIA: VEREADOR JOZIEL COLARES).","indexacao":"REQUER \u00c0 SEMURB SERVI\u00c7O DE LIMPEZA NA PRA\u00c7A DO D.E.R, BAIRRO PRAINHA. (AUTORIA: VEREADOR JOZIEL COLARES).","observacao":"","resultado":"","texto_original":"http://sapl.santarem.pa.leg.br/media/sapl/public/materialegislativa/2025/33840/req_1622_2025_2496_joziel_semurb.pdf","data_ultima_atualizacao":"2025-06-27T11:30:36.781689-03:00","ip":"177.130.49.77","ultima_edicao":"2025-06-03T12:04:38.781381-03:00","tipo":3,"regime_tramitacao":1,"tipo_origem_externa":null,"local_origem_externa":null,"user":122,"anexadas":[],"autores":[133]}