{"id":33952,"__str__":"Mo\u00e7\u00e3o n\u00ba 180 de 2025","link_detail_backend":"/materia/33952","metadata":{},"numero":180,"ano":2025,"numero_protocolo":null,"data_apresentacao":"2025-05-19","tipo_apresentacao":"E","data_publicacao":null,"numero_origem_externa":"","ano_origem_externa":null,"data_origem_externa":null,"apelido":"","dias_prazo":null,"data_fim_prazo":null,"em_tramitacao":false,"polemica":false,"objeto":"","complementar":false,"ementa":"MANIFESTA\u00c7\u00c3O DE APLAUSOS AO SR HELDER BARBALHO, GOVERNADOR DO ESTADO DO PAR\u00c1, PELA PASSAGEM DO SEU ANIVERS\u00c1RIO.\r\nAUTORIA VEREADOR ALEXANDRE MADURO","indexacao":"MANIFESTA\u00c7\u00c3O DE APLAUSOS AO SR HELDER BARBALHO, GOVERNADOR DO ESTADO DO PAR\u00c1, PELA PASSAGEM DO SEU ANIVERS\u00c1RIO.\r\nAUTORIA VEREADOR ALEXANDRE MADURO","observacao":"","resultado":"","texto_original":"http://sapl.santarem.pa.leg.br/media/sapl/public/materialegislativa/2025/33952/mocao_180_2025_1977_maduro_helder.pdf","data_ultima_atualizacao":"2025-05-28T20:02:41.863814-03:00","ip":"177.130.49.77","ultima_edicao":"2025-05-28T13:24:51.852507-03:00","tipo":7,"regime_tramitacao":1,"tipo_origem_externa":null,"local_origem_externa":null,"user":122,"anexadas":[],"autores":[90]}