{"id":34672,"__str__":"Requerimento n\u00ba 2131 de 2025","link_detail_backend":"/materia/34672","metadata":{},"numero":2131,"ano":2025,"numero_protocolo":null,"data_apresentacao":"2025-08-11","tipo_apresentacao":"E","data_publicacao":null,"numero_origem_externa":"","ano_origem_externa":null,"data_origem_externa":null,"apelido":"","dias_prazo":null,"data_fim_prazo":null,"em_tramitacao":false,"polemica":false,"objeto":"","complementar":false,"ementa":"REQUER \u00c0 SEMAP A REVITALIZA\u00c7\u00c3O COMPLETA DA PRA\u00c7A TIRADENTES E A CONSTRU\u00c7\u00c3O DE UM ESPA\u00c7O COM ESTRUTURA FIXA ADEQUADA PARA BARRACAS. (AUTORIA: VEREADOR AL\u00c1ERCIO CARDOSO).","indexacao":"REQUER \u00c0 SEMAP A REVITALIZA\u00c7\u00c3O COMPLETA DA PRA\u00c7A TIRADENTES E A CONSTRU\u00c7\u00c3O DE UM ESPA\u00c7O COM ESTRUTURA FIXA ADEQUADA PARA BARRACAS. (AUTORIA: VEREADOR AL\u00c1ERCIO CARDOSO).","observacao":"","resultado":"","texto_original":"http://sapl.santarem.pa.leg.br/media/sapl/public/materialegislativa/2025/34672/req_2131_2025_3277_semap_alaercio.pdf","data_ultima_atualizacao":"2025-08-14T11:26:43.101289-03:00","ip":"177.130.49.77","ultima_edicao":"2025-08-14T09:34:33.585909-03:00","tipo":3,"regime_tramitacao":1,"tipo_origem_externa":null,"local_origem_externa":null,"user":91,"anexadas":[],"autores":[57]}