{"id":34729,"__str__":"Indica\u00e7\u00e3o n\u00ba 713 de 2025","link_detail_backend":"/materia/34729","metadata":{},"numero":713,"ano":2025,"numero_protocolo":null,"data_apresentacao":"2025-08-11","tipo_apresentacao":"E","data_publicacao":null,"numero_origem_externa":"","ano_origem_externa":null,"data_origem_externa":null,"apelido":"","dias_prazo":null,"data_fim_prazo":null,"em_tramitacao":false,"polemica":false,"objeto":"","complementar":false,"ementa":"INDICA \u00c0 SEMINFRA SERVI\u00c7O TAPA-BURACO NA TV. ITAPU\u00c3, ENTRE A RUA 3 DE JUNHO E VIT\u00d3RIA, BAIRRO CARANAZAL. \r\n(AUTORIA: VEREADORA IVANIRA FIGUEIRA).","indexacao":"INDICA \u00c0 SEMINFRA SERVI\u00c7O TAPA-BURACO NA TV. ITAPU\u00c3, ENTRE A RUA 3 DE JUNHO E VIT\u00d3RIA, BAIRRO CARANAZAL. \r\n(AUTORIA: VEREADORA IVANIRA FIGUEIRA).","observacao":"","resultado":"","texto_original":"http://sapl.santarem.pa.leg.br/media/sapl/public/materialegislativa/2025/34729/ind_713_2025_3367_ivanira_seminfra.pdf","data_ultima_atualizacao":"2025-10-17T14:08:41.320936-03:00","ip":"177.130.49.77","ultima_edicao":"2025-10-17T14:08:41.166722-03:00","tipo":8,"regime_tramitacao":1,"tipo_origem_externa":null,"local_origem_externa":null,"user":49,"anexadas":[],"autores":[134]}