{"id":34763,"__str__":"Indica\u00e7\u00e3o n\u00ba 732 de 2025","link_detail_backend":"/materia/34763","metadata":{},"numero":732,"ano":2025,"numero_protocolo":null,"data_apresentacao":"2025-08-11","tipo_apresentacao":"E","data_publicacao":null,"numero_origem_externa":"","ano_origem_externa":null,"data_origem_externa":null,"apelido":"","dias_prazo":null,"data_fim_prazo":null,"em_tramitacao":false,"polemica":false,"objeto":"","complementar":false,"ementa":"INDICA \u00c0 SEMURB A REFORMA DO PARQUINHO INFANTIL LOCALIZADO NA PRA\u00c7A AYRTON SENNA, BAIRRO SANTANA. \r\n(AUTORIA: VEREADOR S\u00c9RGIO PEREIRA).","indexacao":"INDICA \u00c0 SEMURB A REFORMA DO PARQUINHO INFANTIL LOCALIZADO NA PRA\u00c7A AYRTON SENNA, BAIRRO SANTANA. \r\n(AUTORIA: VEREADOR S\u00c9RGIO PEREIRA).","observacao":"","resultado":"","texto_original":"http://sapl.santarem.pa.leg.br/media/sapl/public/materialegislativa/2025/34763/ind_732_2025_3386_sergio_semurb.pdf","data_ultima_atualizacao":"2025-09-08T13:30:00.467345-03:00","ip":"177.130.49.77","ultima_edicao":"2025-08-14T10:16:58.322540-03:00","tipo":8,"regime_tramitacao":1,"tipo_origem_externa":null,"local_origem_externa":null,"user":133,"anexadas":[],"autores":[120]}