{"id":34826,"__str__":"Requerimento n\u00ba 2225 de 2025","link_detail_backend":"/materia/34826","metadata":{},"numero":2225,"ano":2025,"numero_protocolo":null,"data_apresentacao":"2025-08-11","tipo_apresentacao":"E","data_publicacao":null,"numero_origem_externa":"","ano_origem_externa":null,"data_origem_externa":null,"apelido":"","dias_prazo":null,"data_fim_prazo":null,"em_tramitacao":false,"polemica":false,"objeto":"","complementar":false,"ementa":"REQUER AO SECRET\u00c1RIO DE SA\u00daDE EVERALDO MARTINS, A REFORMA E AMPLIA\u00c7\u00c3O DA UBS DA COMUNIDADE COSTA DO ARITAPERA, REGI\u00c3O DO ARITAPERA. (AUTORIA: VEREADOR JANDER ILSON PEREIRA).","indexacao":"REQUER AO SECRET\u00c1RIO DE SA\u00daDE EVERALDO MARTINS, A REFORMA E AMPLIA\u00c7\u00c3O DA UBS DA COMUNIDADE COSTA DO ARITAPERA, REGI\u00c3O DO ARITAPERA. (AUTORIA: VEREADOR JANDER ILSON PEREIRA).","observacao":"","resultado":"","texto_original":"http://sapl.santarem.pa.leg.br/media/sapl/public/materialegislativa/2025/34826/req_2225_2025_3341_jandeilson_semsa.pdf","data_ultima_atualizacao":"2025-08-14T11:27:05.796520-03:00","ip":"177.130.49.77","ultima_edicao":"2025-08-14T11:05:34.252968-03:00","tipo":3,"regime_tramitacao":1,"tipo_origem_externa":null,"local_origem_externa":null,"user":91,"anexadas":[],"autores":[63]}