{"id":34884,"__str__":"Indica\u00e7\u00e3o n\u00ba 756 de 2025","link_detail_backend":"/materia/34884","metadata":{},"numero":756,"ano":2025,"numero_protocolo":null,"data_apresentacao":"2025-08-25","tipo_apresentacao":"E","data_publicacao":null,"numero_origem_externa":"","ano_origem_externa":null,"data_origem_externa":null,"apelido":"","dias_prazo":null,"data_fim_prazo":null,"em_tramitacao":false,"polemica":false,"objeto":"","complementar":false,"ementa":"INDICA \u00c0 SEMINFRA A PAVIMENTA\u00c7\u00c3O ASF\u00c1LTICA COM IMPLANTA\u00c7\u00c3O DE MEIO-FIO, CAL\u00c7ADA E DRENAGEM NA ALAMEDA TR\u00caS, ENTRE AV. DR. AN\u00cdSIO CHAVES E RUA HORT\u00caNCIA, BAIRRO JARDIM SANTAR\u00c9M. (AUTORIA: VEREADORA ALBA LEAL).","indexacao":"INDICA \u00c0 SEMINFRA A PAVIMENTA\u00c7\u00c3O ASF\u00c1LTICA COM IMPLANTA\u00c7\u00c3O DE MEIO-FIO, CAL\u00c7ADA E DRENAGEM NA ALAMEDA TR\u00caS, ENTRE AV. DR. AN\u00cdSIO CHAVES E RUA HORT\u00caNCIA, BAIRRO JARDIM SANTAR\u00c9M. (AUTORIA: VEREADORA ALBA LEAL).","observacao":"","resultado":"","texto_original":"http://sapl.santarem.pa.leg.br/media/sapl/public/materialegislativa/2025/34884/ind_756_2025_3590_alba_pref.pdf","data_ultima_atualizacao":"2025-09-24T11:12:26.386190-03:00","ip":"177.130.49.77","ultima_edicao":"2025-08-27T12:16:12.343812-03:00","tipo":8,"regime_tramitacao":1,"tipo_origem_externa":null,"local_origem_externa":null,"user":122,"anexadas":[],"autores":[88]}