{"id":35098,"__str__":"Mo\u00e7\u00e3o n\u00ba 228 de 2025","link_detail_backend":"/materia/35098","metadata":{},"numero":228,"ano":2025,"numero_protocolo":null,"data_apresentacao":"2025-08-19","tipo_apresentacao":"E","data_publicacao":null,"numero_origem_externa":"","ano_origem_externa":null,"data_origem_externa":null,"apelido":"","dias_prazo":null,"data_fim_prazo":null,"em_tramitacao":false,"polemica":false,"objeto":"","complementar":false,"ementa":"MANIFESTA\u00c7\u00c3O DE APLAUSOS AOS JOVENS EMPREENDEDORES JADE ALMEIDA E GEBISON DA SILVA DE SOUZA, PELA INAUGURA\u00c7\u00c3O DO NOVO \u201cATELI\u00ca JADE ALMEIDA\u201d.","indexacao":"MANIFESTA\u00c7\u00c3O DE APLAUSOS AOS JOVENS EMPREENDEDORES JADE ALMEIDA E GEBISON DA SILVA DE SOUZA, PELA INAUGURA\u00c7\u00c3O DO NOVO \u201cATELI\u00ca JADE ALMEIDA\u201d.","observacao":"","resultado":"","texto_original":"http://sapl.santarem.pa.leg.br/media/sapl/public/materialegislativa/2025/35098/moc_228_2025_3435_alberto.pdf","data_ultima_atualizacao":"2025-09-04T12:46:02.647324-03:00","ip":"177.130.49.77","ultima_edicao":"2025-08-20T12:45:17.346148-03:00","tipo":7,"regime_tramitacao":1,"tipo_origem_externa":null,"local_origem_externa":null,"user":122,"anexadas":[],"autores":[129]}